{"id":8680,"date":"2023-08-07T07:48:14","date_gmt":"2023-08-07T10:48:14","guid":{"rendered":"https:\/\/drimtimwebdesign.com\/?p=8680"},"modified":"2023-08-07T07:48:14","modified_gmt":"2023-08-07T10:48:14","slug":"capacitacion-en-inteligencia-artificial","status":"publish","type":"post","link":"https:\/\/commodin.com\/en\/capacitacion-en-inteligencia-artificial\/","title":{"rendered":"Capacitaci\u00f3n en Inteligencia Artificial"},"content":{"rendered":"<p>El S\u00e1bado 01 de Julio se llev\u00f3 adelante una gran propuestas de capacitaci\u00f3n, con una estructura taller, donde los participantes pudieron experimentar con diversas herramientas de la AI para llevar al aula y a la investigaci\u00f3n de la mano del Doctor en Educaci\u00f3n Pablo Bonjovanni.<\/p>","protected":false},"excerpt":{"rendered":"<p>El S\u00e1bado 01 de Julio se llev\u00f3 adelante una gran propuestas de capacitaci\u00f3n, con una estructura taller, donde los participantes pudieron experimentar con diversas herramientas de la AI para llevar al aula y a la investigaci\u00f3n de la mano del Doctor en Educaci\u00f3n Pablo Bonjovanni.<\/p>","protected":false},"author":1,"featured_media":5464,"comment_status":"closed","ping_status":"open","sticky":false,"template":"","format":"standard","meta":{"_monsterinsights_skip_tracking":false,"_monsterinsights_sitenote_active":false,"_monsterinsights_sitenote_note":"","_monsterinsights_sitenote_category":0,"footnotes":""},"categories":[1],"tags":[],"class_list":["post-8680","post","type-post","status-publish","format-standard","has-post-thumbnail","hentry","category-sin-categoria"],"yoast_head":"<!-- This site is optimized with the Yoast SEO plugin v22.3 - https:\/\/yoast.com\/wordpress\/plugins\/seo\/ -->\n<title>Capacitaci\u00f3n en Inteligencia Artificial - Commodin<\/title>\n<meta name=\"robots\" content=\"index, follow, max-snippet:-1, max-image-preview:large, max-video-preview:-1\" \/>\n<link rel=\"canonical\" href=\"https:\/\/commodin.com\/en\/capacitacion-en-inteligencia-artificial\/\" \/>\n<meta property=\"og:locale\" content=\"en_US\" \/>\n<meta property=\"og:type\" content=\"article\" \/>\n<meta property=\"og:title\" content=\"Capacitaci\u00f3n en Inteligencia Artificial - Commodin\" \/>\n<meta property=\"og:description\" content=\"El S\u00e1bado 01 de Julio se llev\u00f3 adelante una gran propuestas de capacitaci\u00f3n, con una estructura taller, donde los participantes pudieron experimentar con diversas herramientas de la AI para llevar al aula y a la investigaci\u00f3n de la mano del Doctor en Educaci\u00f3n Pablo Bonjovanni.\" \/>\n<meta property=\"og:url\" content=\"https:\/\/commodin.com\/en\/capacitacion-en-inteligencia-artificial\/\" \/>\n<meta property=\"og:site_name\" content=\"Commodin\" \/>\n<meta property=\"article:published_time\" content=\"2023-08-07T10:48:14+00:00\" \/>\n<meta property=\"og:image\" content=\"https:\/\/commodin.com\/wp-content\/uploads\/2023\/05\/pexels-pixabay-265152-scaled.jpg\" \/>\n\t<meta property=\"og:image:width\" content=\"2560\" \/>\n\t<meta property=\"og:image:height\" content=\"1650\" \/>\n\t<meta property=\"og:image:type\" content=\"image\/jpeg\" \/>\n<meta name=\"author\" content=\"DelinaMary\" \/>\n<meta name=\"twitter:card\" content=\"summary_large_image\" \/>\n<meta name=\"twitter:label1\" content=\"Written by\" \/>\n\t<meta name=\"twitter:data1\" content=\"DelinaMary\" \/>\n<script type=\"application\/ld+json\" class=\"yoast-schema-graph\">{\"@context\":\"https:\/\/schema.org\",\"@graph\":[{\"@type\":\"Article\",\"@id\":\"https:\/\/commodin.com\/capacitacion-en-inteligencia-artificial\/#article\",\"isPartOf\":{\"@id\":\"https:\/\/commodin.com\/capacitacion-en-inteligencia-artificial\/\"},\"author\":{\"name\":\"DelinaMary\",\"@id\":\"https:\/\/commodin.com\/#\/schema\/person\/dd5a5d21aa2d070990d8270e8833f988\"},\"headline\":\"Capacitaci\u00f3n en Inteligencia Artificial\",\"datePublished\":\"2023-08-07T10:48:14+00:00\",\"dateModified\":\"2023-08-07T10:48:14+00:00\",\"mainEntityOfPage\":{\"@id\":\"https:\/\/commodin.com\/capacitacion-en-inteligencia-artificial\/\"},\"wordCount\":53,\"publisher\":{\"@id\":\"https:\/\/commodin.com\/#organization\"},\"image\":{\"@id\":\"https:\/\/commodin.com\/capacitacion-en-inteligencia-artificial\/#primaryimage\"},\"thumbnailUrl\":\"https:\/\/commodin.com\/wp-content\/uploads\/2023\/05\/pexels-pixabay-265152-scaled.jpg\",\"articleSection\":[\"Sin categor\u00eda\"],\"inLanguage\":\"en-US\"},{\"@type\":\"WebPage\",\"@id\":\"https:\/\/commodin.com\/capacitacion-en-inteligencia-artificial\/\",\"url\":\"https:\/\/commodin.com\/capacitacion-en-inteligencia-artificial\/\",\"name\":\"Capacitaci\u00f3n en Inteligencia Artificial - Commodin\",\"isPartOf\":{\"@id\":\"https:\/\/commodin.com\/#website\"},\"primaryImageOfPage\":{\"@id\":\"https:\/\/commodin.com\/capacitacion-en-inteligencia-artificial\/#primaryimage\"},\"image\":{\"@id\":\"https:\/\/commodin.com\/capacitacion-en-inteligencia-artificial\/#primaryimage\"},\"thumbnailUrl\":\"https:\/\/commodin.com\/wp-content\/uploads\/2023\/05\/pexels-pixabay-265152-scaled.jpg\",\"datePublished\":\"2023-08-07T10:48:14+00:00\",\"dateModified\":\"2023-08-07T10:48:14+00:00\",\"breadcrumb\":{\"@id\":\"https:\/\/commodin.com\/capacitacion-en-inteligencia-artificial\/#breadcrumb\"},\"inLanguage\":\"en-US\",\"potentialAction\":[{\"@type\":\"ReadAction\",\"target\":[\"https:\/\/commodin.com\/capacitacion-en-inteligencia-artificial\/\"]}]},{\"@type\":\"ImageObject\",\"inLanguage\":\"en-US\",\"@id\":\"https:\/\/commodin.com\/capacitacion-en-inteligencia-artificial\/#primaryimage\",\"url\":\"https:\/\/commodin.com\/wp-content\/uploads\/2023\/05\/pexels-pixabay-265152-scaled.jpg\",\"contentUrl\":\"https:\/\/commodin.com\/wp-content\/uploads\/2023\/05\/pexels-pixabay-265152-scaled.jpg\",\"width\":2560,\"height\":1650},{\"@type\":\"BreadcrumbList\",\"@id\":\"https:\/\/commodin.com\/capacitacion-en-inteligencia-artificial\/#breadcrumb\",\"itemListElement\":[{\"@type\":\"ListItem\",\"position\":1,\"name\":\"Inicio\",\"item\":\"https:\/\/commodin.com\/\"},{\"@type\":\"ListItem\",\"position\":2,\"name\":\"Capacitaci\u00f3n en Inteligencia Artificial\"}]},{\"@type\":\"WebSite\",\"@id\":\"https:\/\/commodin.com\/#website\",\"url\":\"https:\/\/commodin.com\/\",\"name\":\"Commodin\",\"description\":\"La (Re)Evoluci\u00f3n de la Salud Digital\",\"publisher\":{\"@id\":\"https:\/\/commodin.com\/#organization\"},\"potentialAction\":[{\"@type\":\"SearchAction\",\"target\":{\"@type\":\"EntryPoint\",\"urlTemplate\":\"https:\/\/commodin.com\/?s={search_term_string}\"},\"query-input\":\"required name=search_term_string\"}],\"inLanguage\":\"en-US\"},{\"@type\":\"Organization\",\"@id\":\"https:\/\/commodin.com\/#organization\",\"name\":\"Commodin\",\"url\":\"https:\/\/commodin.com\/\",\"logo\":{\"@type\":\"ImageObject\",\"inLanguage\":\"en-US\",\"@id\":\"https:\/\/commodin.com\/#\/schema\/logo\/image\/\",\"url\":\"https:\/\/commodin.com\/wp-content\/uploads\/2023\/09\/cropped-Logo_commodin01.png\",\"contentUrl\":\"https:\/\/commodin.com\/wp-content\/uploads\/2023\/09\/cropped-Logo_commodin01.png\",\"width\":2232,\"height\":426,\"caption\":\"Commodin\"},\"image\":{\"@id\":\"https:\/\/commodin.com\/#\/schema\/logo\/image\/\"}},{\"@type\":\"Person\",\"@id\":\"https:\/\/commodin.com\/#\/schema\/person\/dd5a5d21aa2d070990d8270e8833f988\",\"name\":\"DelinaMary\",\"image\":{\"@type\":\"ImageObject\",\"inLanguage\":\"en-US\",\"@id\":\"https:\/\/commodin.com\/#\/schema\/person\/image\/\",\"url\":\"https:\/\/secure.gravatar.com\/avatar\/ffa0b900bc90ad8f7f32b10488e4eca4562f0855b8f59ea7a07d26c025fb3ea6?s=96&d=mm&r=g\",\"contentUrl\":\"https:\/\/secure.gravatar.com\/avatar\/ffa0b900bc90ad8f7f32b10488e4eca4562f0855b8f59ea7a07d26c025fb3ea6?s=96&d=mm&r=g\",\"caption\":\"DelinaMary\"},\"sameAs\":[\"http:\/\/localhost\/wordpresnuevo\/wordpress\"],\"url\":\"https:\/\/commodin.com\/en\/author\/delinamary\/\"}]}<\/script>\n<!-- \/ Yoast SEO plugin. -->","yoast_head_json":{"title":"Capacitaci\u00f3n en Inteligencia Artificial - Commodin","robots":{"index":"index","follow":"follow","max-snippet":"max-snippet:-1","max-image-preview":"max-image-preview:large","max-video-preview":"max-video-preview:-1"},"canonical":"https:\/\/commodin.com\/en\/capacitacion-en-inteligencia-artificial\/","og_locale":"en_US","og_type":"article","og_title":"Capacitaci\u00f3n en Inteligencia Artificial - Commodin","og_description":"El S\u00e1bado 01 de Julio se llev\u00f3 adelante una gran propuestas de capacitaci\u00f3n, con una estructura taller, donde los participantes pudieron experimentar con diversas herramientas de la AI para llevar al aula y a la investigaci\u00f3n de la mano del Doctor en Educaci\u00f3n Pablo Bonjovanni.","og_url":"https:\/\/commodin.com\/en\/capacitacion-en-inteligencia-artificial\/","og_site_name":"Commodin","article_published_time":"2023-08-07T10:48:14+00:00","og_image":[{"width":2560,"height":1650,"url":"https:\/\/commodin.com\/wp-content\/uploads\/2023\/05\/pexels-pixabay-265152-scaled.jpg","type":"image\/jpeg"}],"author":"DelinaMary","twitter_card":"summary_large_image","twitter_misc":{"Written by":"DelinaMary"},"schema":{"@context":"https:\/\/schema.org","@graph":[{"@type":"Article","@id":"https:\/\/commodin.com\/capacitacion-en-inteligencia-artificial\/#article","isPartOf":{"@id":"https:\/\/commodin.com\/capacitacion-en-inteligencia-artificial\/"},"author":{"name":"DelinaMary","@id":"https:\/\/commodin.com\/#\/schema\/person\/dd5a5d21aa2d070990d8270e8833f988"},"headline":"Capacitaci\u00f3n en Inteligencia Artificial","datePublished":"2023-08-07T10:48:14+00:00","dateModified":"2023-08-07T10:48:14+00:00","mainEntityOfPage":{"@id":"https:\/\/commodin.com\/capacitacion-en-inteligencia-artificial\/"},"wordCount":53,"publisher":{"@id":"https:\/\/commodin.com\/#organization"},"image":{"@id":"https:\/\/commodin.com\/capacitacion-en-inteligencia-artificial\/#primaryimage"},"thumbnailUrl":"https:\/\/commodin.com\/wp-content\/uploads\/2023\/05\/pexels-pixabay-265152-scaled.jpg","articleSection":["Sin categor\u00eda"],"inLanguage":"en-US"},{"@type":"WebPage","@id":"https:\/\/commodin.com\/capacitacion-en-inteligencia-artificial\/","url":"https:\/\/commodin.com\/capacitacion-en-inteligencia-artificial\/","name":"Capacitaci\u00f3n en Inteligencia Artificial - Commodin","isPartOf":{"@id":"https:\/\/commodin.com\/#website"},"primaryImageOfPage":{"@id":"https:\/\/commodin.com\/capacitacion-en-inteligencia-artificial\/#primaryimage"},"image":{"@id":"https:\/\/commodin.com\/capacitacion-en-inteligencia-artificial\/#primaryimage"},"thumbnailUrl":"https:\/\/commodin.com\/wp-content\/uploads\/2023\/05\/pexels-pixabay-265152-scaled.jpg","datePublished":"2023-08-07T10:48:14+00:00","dateModified":"2023-08-07T10:48:14+00:00","breadcrumb":{"@id":"https:\/\/commodin.com\/capacitacion-en-inteligencia-artificial\/#breadcrumb"},"inLanguage":"en-US","potentialAction":[{"@type":"ReadAction","target":["https:\/\/commodin.com\/capacitacion-en-inteligencia-artificial\/"]}]},{"@type":"ImageObject","inLanguage":"en-US","@id":"https:\/\/commodin.com\/capacitacion-en-inteligencia-artificial\/#primaryimage","url":"https:\/\/commodin.com\/wp-content\/uploads\/2023\/05\/pexels-pixabay-265152-scaled.jpg","contentUrl":"https:\/\/commodin.com\/wp-content\/uploads\/2023\/05\/pexels-pixabay-265152-scaled.jpg","width":2560,"height":1650},{"@type":"BreadcrumbList","@id":"https:\/\/commodin.com\/capacitacion-en-inteligencia-artificial\/#breadcrumb","itemListElement":[{"@type":"ListItem","position":1,"name":"Inicio","item":"https:\/\/commodin.com\/"},{"@type":"ListItem","position":2,"name":"Capacitaci\u00f3n en Inteligencia Artificial"}]},{"@type":"WebSite","@id":"https:\/\/commodin.com\/#website","url":"https:\/\/commodin.com\/","name":"Commodin","description":"La (Re)Evoluci\u00f3n de la Salud Digital","publisher":{"@id":"https:\/\/commodin.com\/#organization"},"potentialAction":[{"@type":"SearchAction","target":{"@type":"EntryPoint","urlTemplate":"https:\/\/commodin.com\/?s={search_term_string}"},"query-input":"required name=search_term_string"}],"inLanguage":"en-US"},{"@type":"Organization","@id":"https:\/\/commodin.com\/#organization","name":"Commodin","url":"https:\/\/commodin.com\/","logo":{"@type":"ImageObject","inLanguage":"en-US","@id":"https:\/\/commodin.com\/#\/schema\/logo\/image\/","url":"https:\/\/commodin.com\/wp-content\/uploads\/2023\/09\/cropped-Logo_commodin01.png","contentUrl":"https:\/\/commodin.com\/wp-content\/uploads\/2023\/09\/cropped-Logo_commodin01.png","width":2232,"height":426,"caption":"Commodin"},"image":{"@id":"https:\/\/commodin.com\/#\/schema\/logo\/image\/"}},{"@type":"Person","@id":"https:\/\/commodin.com\/#\/schema\/person\/dd5a5d21aa2d070990d8270e8833f988","name":"DelinaMary","image":{"@type":"ImageObject","inLanguage":"en-US","@id":"https:\/\/commodin.com\/#\/schema\/person\/image\/","url":"https:\/\/secure.gravatar.com\/avatar\/ffa0b900bc90ad8f7f32b10488e4eca4562f0855b8f59ea7a07d26c025fb3ea6?s=96&d=mm&r=g","contentUrl":"https:\/\/secure.gravatar.com\/avatar\/ffa0b900bc90ad8f7f32b10488e4eca4562f0855b8f59ea7a07d26c025fb3ea6?s=96&d=mm&r=g","caption":"DelinaMary"},"sameAs":["http:\/\/localhost\/wordpresnuevo\/wordpress"],"url":"https:\/\/commodin.com\/en\/author\/delinamary\/"}]}},"_links":{"self":[{"href":"https:\/\/commodin.com\/en\/wp-json\/wp\/v2\/posts\/8680","targetHints":{"allow":["GET"]}}],"collection":[{"href":"https:\/\/commodin.com\/en\/wp-json\/wp\/v2\/posts"}],"about":[{"href":"https:\/\/commodin.com\/en\/wp-json\/wp\/v2\/types\/post"}],"author":[{"embeddable":true,"href":"https:\/\/commodin.com\/en\/wp-json\/wp\/v2\/users\/1"}],"replies":[{"embeddable":true,"href":"https:\/\/commodin.com\/en\/wp-json\/wp\/v2\/comments?post=8680"}],"version-history":[{"count":0,"href":"https:\/\/commodin.com\/en\/wp-json\/wp\/v2\/posts\/8680\/revisions"}],"wp:featuredmedia":[{"embeddable":true,"href":"https:\/\/commodin.com\/en\/wp-json\/wp\/v2\/media\/5464"}],"wp:attachment":[{"href":"https:\/\/commodin.com\/en\/wp-json\/wp\/v2\/media?parent=8680"}],"wp:term":[{"taxonomy":"category","embeddable":true,"href":"https:\/\/commodin.com\/en\/wp-json\/wp\/v2\/categories?post=8680"},{"taxonomy":"post_tag","embeddable":true,"href":"https:\/\/commodin.com\/en\/wp-json\/wp\/v2\/tags?post=8680"}],"curies":[{"name":"wp","href":"https:\/\/api.w.org\/{rel}","templated":true}]}}