{"id":8677,"date":"2023-08-07T07:43:41","date_gmt":"2023-08-07T10:43:41","guid":{"rendered":"https:\/\/drimtimwebdesign.com\/?p=8677"},"modified":"2023-08-07T08:02:29","modified_gmt":"2023-08-07T11:02:29","slug":"tecnoteca","status":"publish","type":"post","link":"https:\/\/commodin.com\/en\/tecnoteca\/","title":{"rendered":"TECNOTECA"},"content":{"rendered":"<p>En nombre del Gobierno de la ciudad a la Inauguraci\u00f3n de la TECNOTECA espacio de desarrollo, inclusi\u00f3n&nbsp; e innovaci\u00f3n educativa. Ubicada en el complejo socio cultural el ferro espacio recuperado por la actual gesti\u00f3n de gobierno (desarrollar cual es la misi\u00f3n visi\u00f3n del espacio).<\/p>\n\n\n\n<p>En el marco del programa municipal de inclusi\u00f3n tecnol\u00f3gica (PLANIT) entre LAS AREAS DE PLANEAMINETO&nbsp; y de EDUCACION DEL GCSJ nace el proyecto \u00abTECNOTECA ESPACIO DE DESARROLLO E INCLUSION TECNOLOGICA \u201c.<\/p>\n\n\n\n<p>En 2021 fue EL AULA DEL FUTURO y ahora nace la TECNOTECA, UN ESPACIO P\u00daBLICO pensado y dise\u00f1ado&nbsp; para contribuir con la disminuci\u00f3n de la brecha digital existente, brindar formaci\u00f3n de calidad preparando a las\/os ciudadanas\/os para los desaf\u00edos de este tiempo, atravesado por la centralidad de las tecnolog\u00edas multimediales y la generaci\u00f3n de competencias desde el ABP (aprendizaje basado en problemas). Adem\u00e1s,&nbsp; promover la creaci\u00f3n e innovaci\u00f3n de procesos comunitarios con eje en las ciencias, tecnolog\u00edas y la resoluci\u00f3n de problemas, promover la construcci\u00f3n de aprendizajes mediados por tecnolog\u00edas multimediales, el lenguaje digital, la programaci\u00f3n, rob\u00f3tica y las artes, contribuyendo con procesos de inserci\u00f3n social de ni\u00f1os, ni\u00f1as, j\u00f3venes y adultas\/os.&nbsp; All\u00ed ya est\u00e1n en marcha propuestas de fotograf\u00eda,&nbsp; generaci\u00f3n de contenidos para tv,&nbsp; gamificaci\u00f3n, alfabetizaci\u00f3n digital, programaci\u00f3n y rob\u00f3tica educativa, taller de impresi\u00f3n 3D, escritura creativa, poes\u00eda, montaje audiovisual, mapeo digital, entre otros.<\/p>\n\n\n\n<p>Estos espacios est\u00e1n distribuidos en 6 ZONAS que tienen independencia, pero que a su vez, articulan entre s\u00ed:<\/p>\n\n\n\n<p>\u2022&nbsp;&nbsp;&nbsp;&nbsp;&nbsp;&nbsp;&nbsp;&nbsp;&nbsp;&nbsp;&nbsp; RADIO Y TV,<\/p>\n\n\n\n<p>\u2022&nbsp;&nbsp;&nbsp;&nbsp;&nbsp;&nbsp;&nbsp;&nbsp;&nbsp;&nbsp;&nbsp; GAMIFICACION,<\/p>\n\n\n\n<p>\u2022&nbsp;&nbsp;&nbsp;&nbsp;&nbsp;&nbsp;&nbsp;&nbsp;&nbsp;&nbsp;&nbsp; ALFABETIZACION DIGITAL,<\/p>\n\n\n\n<p>\u2022&nbsp;&nbsp;&nbsp;&nbsp;&nbsp;&nbsp;&nbsp;&nbsp;&nbsp;&nbsp;&nbsp; ROBOTICA,<\/p>\n\n\n\n<p>\u2022&nbsp;&nbsp;&nbsp;&nbsp;&nbsp;&nbsp;&nbsp;&nbsp;&nbsp;&nbsp;&nbsp; IMPRESI\u00d3N 3 D<\/p>\n\n\n\n<p>\u2022&nbsp;&nbsp;&nbsp;&nbsp;&nbsp;&nbsp;&nbsp;&nbsp;&nbsp;&nbsp;&nbsp; TECNOKIDS<\/p>\n\n\n\n<p>\u2022&nbsp;&nbsp;&nbsp;&nbsp;&nbsp;&nbsp;&nbsp;&nbsp;&nbsp;&nbsp;&nbsp; ESPACIO INTERINSTITUCIONAL<\/p>\n\n\n\n<p>\u2022&nbsp;&nbsp;&nbsp;&nbsp;&nbsp;&nbsp;&nbsp;&nbsp;&nbsp;&nbsp;&nbsp; Este proyecto tiene por objetivo fomentar espacios de aprendizaje colaborativos y flexibles con nuevas metodolog\u00edas educativas, ser&nbsp; inspiraci\u00f3n para la comunidad educativa, ser un referente en innovaci\u00f3n educativa \u2014por su estructura y arquitectura\u2014, y crear un espacio flexible e inclusivo.<\/p>\n\n\n\n<figure class=\"wp-block-gallery has-nested-images columns-default is-cropped wp-block-gallery-1 is-layout-flex wp-block-gallery-is-layout-flex\">\n<figure class=\"wp-block-image size-large\"><img fetchpriority=\"high\" decoding=\"async\" width=\"1024\" height=\"768\" data-id=\"8685\" src=\"https:\/\/drimtimwebdesign.com\/wp-content\/uploads\/2023\/08\/entrada30.jpg\" alt=\"\" class=\"wp-image-8685\" srcset=\"https:\/\/commodin.com\/wp-content\/uploads\/2023\/08\/entrada30.jpg 1024w, https:\/\/commodin.com\/wp-content\/uploads\/2023\/08\/entrada30-300x225.jpg 300w, https:\/\/commodin.com\/wp-content\/uploads\/2023\/08\/entrada30-768x576.jpg 768w\" sizes=\"(max-width: 1024px) 100vw, 1024px\" \/><\/figure>\n<\/figure>\n\n\n\n<figure class=\"wp-block-image size-full\"><img decoding=\"async\" width=\"768\" height=\"1024\" src=\"https:\/\/drimtimwebdesign.com\/wp-content\/uploads\/2023\/08\/entrada33.jpg\" alt=\"\" class=\"wp-image-8687\" srcset=\"https:\/\/commodin.com\/wp-content\/uploads\/2023\/08\/entrada33.jpg 768w, https:\/\/commodin.com\/wp-content\/uploads\/2023\/08\/entrada33-225x300.jpg 225w\" sizes=\"(max-width: 768px) 100vw, 768px\" \/><\/figure>","protected":false},"excerpt":{"rendered":"<p>En nombre del Gobierno de la ciudad a la Inauguraci\u00f3n de la TECNOTECA espacio de desarrollo, inclusi\u00f3n&nbsp; e innovaci\u00f3n educativa. Ubicada en el complejo socio cultural el ferro espacio recuperado por la actual gesti\u00f3n de gobierno (desarrollar cual es la misi\u00f3n visi\u00f3n del espacio). En el marco del programa municipal de inclusi\u00f3n tecnol\u00f3gica (PLANIT) entre &#8230; <a title=\"TECNOTECA\" class=\"read-more\" href=\"https:\/\/commodin.com\/en\/tecnoteca\/\" aria-label=\"Read more about TECNOTECA\">Read more<\/a><\/p>","protected":false},"author":1,"featured_media":8678,"comment_status":"closed","ping_status":"open","sticky":false,"template":"","format":"standard","meta":{"_monsterinsights_skip_tracking":false,"_monsterinsights_sitenote_active":false,"_monsterinsights_sitenote_note":"","_monsterinsights_sitenote_category":0,"footnotes":""},"categories":[1],"tags":[],"class_list":["post-8677","post","type-post","status-publish","format-standard","has-post-thumbnail","hentry","category-sin-categoria"],"yoast_head":"<!-- This site is optimized with the Yoast SEO plugin v22.3 - https:\/\/yoast.com\/wordpress\/plugins\/seo\/ -->\n<title>TECNOTECA - Commodin<\/title>\n<meta name=\"robots\" content=\"index, follow, max-snippet:-1, max-image-preview:large, max-video-preview:-1\" \/>\n<link rel=\"canonical\" href=\"https:\/\/commodin.com\/en\/tecnoteca\/\" \/>\n<meta property=\"og:locale\" content=\"en_US\" \/>\n<meta property=\"og:type\" content=\"article\" \/>\n<meta property=\"og:title\" content=\"TECNOTECA - Commodin\" \/>\n<meta property=\"og:description\" content=\"En nombre del Gobierno de la ciudad a la Inauguraci\u00f3n de la TECNOTECA espacio de desarrollo, inclusi\u00f3n&nbsp; e innovaci\u00f3n educativa. Ubicada en el complejo socio cultural el ferro espacio recuperado por la actual gesti\u00f3n de gobierno (desarrollar cual es la misi\u00f3n visi\u00f3n del espacio). En el marco del programa municipal de inclusi\u00f3n tecnol\u00f3gica (PLANIT) entre ... Read more\" \/>\n<meta property=\"og:url\" content=\"https:\/\/commodin.com\/en\/tecnoteca\/\" \/>\n<meta property=\"og:site_name\" content=\"Commodin\" \/>\n<meta property=\"article:published_time\" content=\"2023-08-07T10:43:41+00:00\" \/>\n<meta property=\"article:modified_time\" content=\"2023-08-07T11:02:29+00:00\" \/>\n<meta property=\"og:image\" content=\"https:\/\/commodin.com\/wp-content\/uploads\/2023\/08\/entrada3.jpg\" \/>\n\t<meta property=\"og:image:width\" content=\"1600\" \/>\n\t<meta property=\"og:image:height\" content=\"1200\" \/>\n\t<meta property=\"og:image:type\" content=\"image\/jpeg\" \/>\n<meta name=\"author\" content=\"DelinaMary\" \/>\n<meta name=\"twitter:card\" content=\"summary_large_image\" \/>\n<meta name=\"twitter:label1\" content=\"Written by\" \/>\n\t<meta name=\"twitter:data1\" content=\"DelinaMary\" \/>\n\t<meta name=\"twitter:label2\" content=\"Est. reading time\" \/>\n\t<meta name=\"twitter:data2\" content=\"2 minutes\" \/>\n<script type=\"application\/ld+json\" class=\"yoast-schema-graph\">{\"@context\":\"https:\/\/schema.org\",\"@graph\":[{\"@type\":\"Article\",\"@id\":\"https:\/\/commodin.com\/tecnoteca\/#article\",\"isPartOf\":{\"@id\":\"https:\/\/commodin.com\/tecnoteca\/\"},\"author\":{\"name\":\"DelinaMary\",\"@id\":\"https:\/\/commodin.com\/#\/schema\/person\/dd5a5d21aa2d070990d8270e8833f988\"},\"headline\":\"TECNOTECA\",\"datePublished\":\"2023-08-07T10:43:41+00:00\",\"dateModified\":\"2023-08-07T11:02:29+00:00\",\"mainEntityOfPage\":{\"@id\":\"https:\/\/commodin.com\/tecnoteca\/\"},\"wordCount\":429,\"publisher\":{\"@id\":\"https:\/\/commodin.com\/#organization\"},\"image\":{\"@id\":\"https:\/\/commodin.com\/tecnoteca\/#primaryimage\"},\"thumbnailUrl\":\"https:\/\/commodin.com\/wp-content\/uploads\/2023\/08\/entrada3.jpg\",\"articleSection\":[\"Sin categor\u00eda\"],\"inLanguage\":\"en-US\"},{\"@type\":\"WebPage\",\"@id\":\"https:\/\/commodin.com\/tecnoteca\/\",\"url\":\"https:\/\/commodin.com\/tecnoteca\/\",\"name\":\"TECNOTECA - Commodin\",\"isPartOf\":{\"@id\":\"https:\/\/commodin.com\/#website\"},\"primaryImageOfPage\":{\"@id\":\"https:\/\/commodin.com\/tecnoteca\/#primaryimage\"},\"image\":{\"@id\":\"https:\/\/commodin.com\/tecnoteca\/#primaryimage\"},\"thumbnailUrl\":\"https:\/\/commodin.com\/wp-content\/uploads\/2023\/08\/entrada3.jpg\",\"datePublished\":\"2023-08-07T10:43:41+00:00\",\"dateModified\":\"2023-08-07T11:02:29+00:00\",\"breadcrumb\":{\"@id\":\"https:\/\/commodin.com\/tecnoteca\/#breadcrumb\"},\"inLanguage\":\"en-US\",\"potentialAction\":[{\"@type\":\"ReadAction\",\"target\":[\"https:\/\/commodin.com\/tecnoteca\/\"]}]},{\"@type\":\"ImageObject\",\"inLanguage\":\"en-US\",\"@id\":\"https:\/\/commodin.com\/tecnoteca\/#primaryimage\",\"url\":\"https:\/\/commodin.com\/wp-content\/uploads\/2023\/08\/entrada3.jpg\",\"contentUrl\":\"https:\/\/commodin.com\/wp-content\/uploads\/2023\/08\/entrada3.jpg\",\"width\":1600,\"height\":1200},{\"@type\":\"BreadcrumbList\",\"@id\":\"https:\/\/commodin.com\/tecnoteca\/#breadcrumb\",\"itemListElement\":[{\"@type\":\"ListItem\",\"position\":1,\"name\":\"Inicio\",\"item\":\"https:\/\/commodin.com\/\"},{\"@type\":\"ListItem\",\"position\":2,\"name\":\"TECNOTECA\"}]},{\"@type\":\"WebSite\",\"@id\":\"https:\/\/commodin.com\/#website\",\"url\":\"https:\/\/commodin.com\/\",\"name\":\"Commodin\",\"description\":\"La (Re)Evoluci\u00f3n de la Salud Digital\",\"publisher\":{\"@id\":\"https:\/\/commodin.com\/#organization\"},\"potentialAction\":[{\"@type\":\"SearchAction\",\"target\":{\"@type\":\"EntryPoint\",\"urlTemplate\":\"https:\/\/commodin.com\/?s={search_term_string}\"},\"query-input\":\"required name=search_term_string\"}],\"inLanguage\":\"en-US\"},{\"@type\":\"Organization\",\"@id\":\"https:\/\/commodin.com\/#organization\",\"name\":\"Commodin\",\"url\":\"https:\/\/commodin.com\/\",\"logo\":{\"@type\":\"ImageObject\",\"inLanguage\":\"en-US\",\"@id\":\"https:\/\/commodin.com\/#\/schema\/logo\/image\/\",\"url\":\"https:\/\/commodin.com\/wp-content\/uploads\/2023\/09\/cropped-Logo_commodin01.png\",\"contentUrl\":\"https:\/\/commodin.com\/wp-content\/uploads\/2023\/09\/cropped-Logo_commodin01.png\",\"width\":2232,\"height\":426,\"caption\":\"Commodin\"},\"image\":{\"@id\":\"https:\/\/commodin.com\/#\/schema\/logo\/image\/\"}},{\"@type\":\"Person\",\"@id\":\"https:\/\/commodin.com\/#\/schema\/person\/dd5a5d21aa2d070990d8270e8833f988\",\"name\":\"DelinaMary\",\"image\":{\"@type\":\"ImageObject\",\"inLanguage\":\"en-US\",\"@id\":\"https:\/\/commodin.com\/#\/schema\/person\/image\/\",\"url\":\"https:\/\/secure.gravatar.com\/avatar\/ffa0b900bc90ad8f7f32b10488e4eca4562f0855b8f59ea7a07d26c025fb3ea6?s=96&d=mm&r=g\",\"contentUrl\":\"https:\/\/secure.gravatar.com\/avatar\/ffa0b900bc90ad8f7f32b10488e4eca4562f0855b8f59ea7a07d26c025fb3ea6?s=96&d=mm&r=g\",\"caption\":\"DelinaMary\"},\"sameAs\":[\"http:\/\/localhost\/wordpresnuevo\/wordpress\"],\"url\":\"https:\/\/commodin.com\/en\/author\/delinamary\/\"}]}<\/script>\n<!-- \/ Yoast SEO plugin. -->","yoast_head_json":{"title":"TECNOTECA - Commodin","robots":{"index":"index","follow":"follow","max-snippet":"max-snippet:-1","max-image-preview":"max-image-preview:large","max-video-preview":"max-video-preview:-1"},"canonical":"https:\/\/commodin.com\/en\/tecnoteca\/","og_locale":"en_US","og_type":"article","og_title":"TECNOTECA - Commodin","og_description":"En nombre del Gobierno de la ciudad a la Inauguraci\u00f3n de la TECNOTECA espacio de desarrollo, inclusi\u00f3n&nbsp; e innovaci\u00f3n educativa. Ubicada en el complejo socio cultural el ferro espacio recuperado por la actual gesti\u00f3n de gobierno (desarrollar cual es la misi\u00f3n visi\u00f3n del espacio). En el marco del programa municipal de inclusi\u00f3n tecnol\u00f3gica (PLANIT) entre ... Read more","og_url":"https:\/\/commodin.com\/en\/tecnoteca\/","og_site_name":"Commodin","article_published_time":"2023-08-07T10:43:41+00:00","article_modified_time":"2023-08-07T11:02:29+00:00","og_image":[{"width":1600,"height":1200,"url":"https:\/\/commodin.com\/wp-content\/uploads\/2023\/08\/entrada3.jpg","type":"image\/jpeg"}],"author":"DelinaMary","twitter_card":"summary_large_image","twitter_misc":{"Written by":"DelinaMary","Est. reading time":"2 minutes"},"schema":{"@context":"https:\/\/schema.org","@graph":[{"@type":"Article","@id":"https:\/\/commodin.com\/tecnoteca\/#article","isPartOf":{"@id":"https:\/\/commodin.com\/tecnoteca\/"},"author":{"name":"DelinaMary","@id":"https:\/\/commodin.com\/#\/schema\/person\/dd5a5d21aa2d070990d8270e8833f988"},"headline":"TECNOTECA","datePublished":"2023-08-07T10:43:41+00:00","dateModified":"2023-08-07T11:02:29+00:00","mainEntityOfPage":{"@id":"https:\/\/commodin.com\/tecnoteca\/"},"wordCount":429,"publisher":{"@id":"https:\/\/commodin.com\/#organization"},"image":{"@id":"https:\/\/commodin.com\/tecnoteca\/#primaryimage"},"thumbnailUrl":"https:\/\/commodin.com\/wp-content\/uploads\/2023\/08\/entrada3.jpg","articleSection":["Sin categor\u00eda"],"inLanguage":"en-US"},{"@type":"WebPage","@id":"https:\/\/commodin.com\/tecnoteca\/","url":"https:\/\/commodin.com\/tecnoteca\/","name":"TECNOTECA - Commodin","isPartOf":{"@id":"https:\/\/commodin.com\/#website"},"primaryImageOfPage":{"@id":"https:\/\/commodin.com\/tecnoteca\/#primaryimage"},"image":{"@id":"https:\/\/commodin.com\/tecnoteca\/#primaryimage"},"thumbnailUrl":"https:\/\/commodin.com\/wp-content\/uploads\/2023\/08\/entrada3.jpg","datePublished":"2023-08-07T10:43:41+00:00","dateModified":"2023-08-07T11:02:29+00:00","breadcrumb":{"@id":"https:\/\/commodin.com\/tecnoteca\/#breadcrumb"},"inLanguage":"en-US","potentialAction":[{"@type":"ReadAction","target":["https:\/\/commodin.com\/tecnoteca\/"]}]},{"@type":"ImageObject","inLanguage":"en-US","@id":"https:\/\/commodin.com\/tecnoteca\/#primaryimage","url":"https:\/\/commodin.com\/wp-content\/uploads\/2023\/08\/entrada3.jpg","contentUrl":"https:\/\/commodin.com\/wp-content\/uploads\/2023\/08\/entrada3.jpg","width":1600,"height":1200},{"@type":"BreadcrumbList","@id":"https:\/\/commodin.com\/tecnoteca\/#breadcrumb","itemListElement":[{"@type":"ListItem","position":1,"name":"Inicio","item":"https:\/\/commodin.com\/"},{"@type":"ListItem","position":2,"name":"TECNOTECA"}]},{"@type":"WebSite","@id":"https:\/\/commodin.com\/#website","url":"https:\/\/commodin.com\/","name":"Commodin","description":"La (Re)Evoluci\u00f3n de la Salud Digital","publisher":{"@id":"https:\/\/commodin.com\/#organization"},"potentialAction":[{"@type":"SearchAction","target":{"@type":"EntryPoint","urlTemplate":"https:\/\/commodin.com\/?s={search_term_string}"},"query-input":"required name=search_term_string"}],"inLanguage":"en-US"},{"@type":"Organization","@id":"https:\/\/commodin.com\/#organization","name":"Commodin","url":"https:\/\/commodin.com\/","logo":{"@type":"ImageObject","inLanguage":"en-US","@id":"https:\/\/commodin.com\/#\/schema\/logo\/image\/","url":"https:\/\/commodin.com\/wp-content\/uploads\/2023\/09\/cropped-Logo_commodin01.png","contentUrl":"https:\/\/commodin.com\/wp-content\/uploads\/2023\/09\/cropped-Logo_commodin01.png","width":2232,"height":426,"caption":"Commodin"},"image":{"@id":"https:\/\/commodin.com\/#\/schema\/logo\/image\/"}},{"@type":"Person","@id":"https:\/\/commodin.com\/#\/schema\/person\/dd5a5d21aa2d070990d8270e8833f988","name":"DelinaMary","image":{"@type":"ImageObject","inLanguage":"en-US","@id":"https:\/\/commodin.com\/#\/schema\/person\/image\/","url":"https:\/\/secure.gravatar.com\/avatar\/ffa0b900bc90ad8f7f32b10488e4eca4562f0855b8f59ea7a07d26c025fb3ea6?s=96&d=mm&r=g","contentUrl":"https:\/\/secure.gravatar.com\/avatar\/ffa0b900bc90ad8f7f32b10488e4eca4562f0855b8f59ea7a07d26c025fb3ea6?s=96&d=mm&r=g","caption":"DelinaMary"},"sameAs":["http:\/\/localhost\/wordpresnuevo\/wordpress"],"url":"https:\/\/commodin.com\/en\/author\/delinamary\/"}]}},"_links":{"self":[{"href":"https:\/\/commodin.com\/en\/wp-json\/wp\/v2\/posts\/8677","targetHints":{"allow":["GET"]}}],"collection":[{"href":"https:\/\/commodin.com\/en\/wp-json\/wp\/v2\/posts"}],"about":[{"href":"https:\/\/commodin.com\/en\/wp-json\/wp\/v2\/types\/post"}],"author":[{"embeddable":true,"href":"https:\/\/commodin.com\/en\/wp-json\/wp\/v2\/users\/1"}],"replies":[{"embeddable":true,"href":"https:\/\/commodin.com\/en\/wp-json\/wp\/v2\/comments?post=8677"}],"version-history":[{"count":0,"href":"https:\/\/commodin.com\/en\/wp-json\/wp\/v2\/posts\/8677\/revisions"}],"wp:featuredmedia":[{"embeddable":true,"href":"https:\/\/commodin.com\/en\/wp-json\/wp\/v2\/media\/8678"}],"wp:attachment":[{"href":"https:\/\/commodin.com\/en\/wp-json\/wp\/v2\/media?parent=8677"}],"wp:term":[{"taxonomy":"category","embeddable":true,"href":"https:\/\/commodin.com\/en\/wp-json\/wp\/v2\/categories?post=8677"},{"taxonomy":"post_tag","embeddable":true,"href":"https:\/\/commodin.com\/en\/wp-json\/wp\/v2\/tags?post=8677"}],"curies":[{"name":"wp","href":"https:\/\/api.w.org\/{rel}","templated":true}]}}