{"id":8667,"date":"2023-08-07T07:29:25","date_gmt":"2023-08-07T10:29:25","guid":{"rendered":"https:\/\/drimtimwebdesign.com\/?p=8667"},"modified":"2023-08-07T07:35:07","modified_gmt":"2023-08-07T10:35:07","slug":"1er-congreso-nacional-de-innovacion-educativa","status":"publish","type":"post","link":"https:\/\/commodin.com\/en\/1er-congreso-nacional-de-innovacion-educativa\/","title":{"rendered":"1er. congreso\u00a0 Nacional de INNOVACION EDUCATIVA:"},"content":{"rendered":"<p>Invitamos a participar del \u201cCONGRESO DE INNOVACION EDUCATIVA\u201d, los dias 6 y 7 de octubre en las instalaciones de la Sociedad Rural de San Justo, organizado por el \u00c1rea de Educaci\u00f3n de la Ciudad y el Polo Universitario San Justo, Santa Fe.<\/p>\n\n\n\n<p>En un mundo cada vez m\u00e1s cambiante y complejo, la educaci\u00f3n debe adaptarse a los desaf\u00edos y demandas del siglo XXI. Es por ello que es fundamental pensar la innovaci\u00f3n educativa no s\u00f3lo como la incorporaci\u00f3n de nuevos dispositivos a la clase, sino pensando alternativas a las propuestas did\u00e1cticas tradicionales.<\/p>\n\n\n\n<p>Buscando enriquecer las pr\u00e1cticas educativas a partir de la incorporaci\u00f3n de\u00a0 IA, rob\u00f3tica y pensamiento computacional en educaci\u00f3n, as\u00ed como tambi\u00e9n reflexionar sobre nuevos itinerarios educativos disruptivos posibles.<\/p>\n\n\n\n<p>OBJETIVOS ESPEC\u00cdFICOS<\/p>\n\n\n\n<p>\u25cf&nbsp;&nbsp;&nbsp;&nbsp;&nbsp;&nbsp;&nbsp;&nbsp;&nbsp;&nbsp; Promover la participaci\u00f3n de docentes y estudiantes en instancias de difusi\u00f3n y exploraci\u00f3n de pr\u00e1cticas pedag\u00f3gico-did\u00e1cticas para la innovaci\u00f3n.<\/p>\n\n\n\n<p>\u25cf&nbsp;&nbsp;&nbsp;&nbsp;&nbsp;&nbsp;&nbsp;&nbsp;&nbsp;&nbsp; Facilitar al docente el dise\u00f1o de pr\u00e1cticas \u00e1ulicas que motiven a los estudiantes a la incorporaci\u00f3n de la rob\u00f3tica, programaci\u00f3n educativa e IA en espacios transversales.<\/p>\n\n\n\n<p>\u25cf&nbsp;&nbsp;&nbsp;&nbsp;&nbsp;&nbsp;&nbsp;&nbsp;&nbsp;&nbsp; Socializar experiencias innovadoras realizadas en distintos niveles educativos.<\/p>\n\n\n\n<p>\u25cf&nbsp;&nbsp;&nbsp;&nbsp;&nbsp;&nbsp;&nbsp;&nbsp;&nbsp;&nbsp; Generar espacios de di\u00e1logo y debate entre estudiantes, docentes y especialistas para mejorar la calidad educativa de nuestra ciudad y la zona.<\/p>\n\n\n\n<p>DESTINATARIOS<\/p>\n\n\n\n<p>\u25cf&nbsp;&nbsp;&nbsp;&nbsp;&nbsp;&nbsp;&nbsp;&nbsp;&nbsp;&nbsp; Docentes y directivos de todos los niveles educativos, tanto de educaci\u00f3nformal como no formal.<\/p>\n\n\n\n<p>\u25cf&nbsp;&nbsp;&nbsp;&nbsp;&nbsp;&nbsp;&nbsp;&nbsp;&nbsp;&nbsp; Pedagogos y especialistas en Educaci\u00f3n, Innovaci\u00f3n, Comunicaci\u00f3n y sectores afines.<\/p>\n\n\n\n<p>\u25cf&nbsp;&nbsp;&nbsp;&nbsp;&nbsp;&nbsp;&nbsp;&nbsp;&nbsp;&nbsp; Estudiantes de Educaci\u00f3n, Tecnolog\u00eda Educativa, Artes, Comunicaci\u00f3n y carreras a fines.<\/p>\n\n\n\n<p>\u25cf&nbsp;&nbsp;&nbsp;&nbsp;&nbsp;&nbsp;&nbsp;&nbsp;&nbsp;&nbsp; T\u00e9cnicos y profesionales de \u00e1reas vinculadas a innovaci\u00f3n y tecnolog\u00edas.&nbsp;&nbsp;&nbsp;&nbsp;<\/p>\n\n\n\n<figure class=\"wp-block-image size-large\"><img fetchpriority=\"high\" decoding=\"async\" width=\"576\" height=\"1024\" src=\"https:\/\/drimtimwebdesign.com\/wp-content\/uploads\/2023\/08\/entrada11-576x1024.jpg\" alt=\"\" class=\"wp-image-8669\" srcset=\"https:\/\/commodin.com\/wp-content\/uploads\/2023\/08\/entrada11-576x1024.jpg 576w, https:\/\/commodin.com\/wp-content\/uploads\/2023\/08\/entrada11-169x300.jpg 169w, https:\/\/commodin.com\/wp-content\/uploads\/2023\/08\/entrada11-768x1365.jpg 768w, https:\/\/commodin.com\/wp-content\/uploads\/2023\/08\/entrada11-864x1536.jpg 864w, https:\/\/commodin.com\/wp-content\/uploads\/2023\/08\/entrada11.jpg 900w\" sizes=\"(max-width: 576px) 100vw, 576px\" \/><\/figure>","protected":false},"excerpt":{"rendered":"<p>Invitamos a participar del \u201cCONGRESO DE INNOVACION EDUCATIVA\u201d, los dias 6 y 7 de octubre en las instalaciones de la Sociedad Rural de San Justo, organizado por el \u00c1rea de Educaci\u00f3n de la Ciudad y el Polo Universitario San Justo, Santa Fe. En un mundo cada vez m\u00e1s cambiante y complejo, la educaci\u00f3n debe adaptarse &#8230; <a title=\"1er. congreso\u00a0 Nacional de INNOVACION EDUCATIVA:\" class=\"read-more\" href=\"https:\/\/commodin.com\/en\/1er-congreso-nacional-de-innovacion-educativa\/\" aria-label=\"Read more about 1er. congreso\u00a0 Nacional de INNOVACION EDUCATIVA:\">Read more<\/a><\/p>","protected":false},"author":1,"featured_media":8668,"comment_status":"closed","ping_status":"open","sticky":false,"template":"","format":"standard","meta":{"_monsterinsights_skip_tracking":false,"_monsterinsights_sitenote_active":false,"_monsterinsights_sitenote_note":"","_monsterinsights_sitenote_category":0,"footnotes":""},"categories":[1],"tags":[],"class_list":["post-8667","post","type-post","status-publish","format-standard","has-post-thumbnail","hentry","category-sin-categoria"],"yoast_head":"<!-- This site is optimized with the Yoast SEO plugin v22.3 - https:\/\/yoast.com\/wordpress\/plugins\/seo\/ -->\n<title>1er. congreso\u00a0 Nacional de INNOVACION EDUCATIVA: - Commodin<\/title>\n<meta name=\"robots\" content=\"index, follow, max-snippet:-1, max-image-preview:large, max-video-preview:-1\" \/>\n<link rel=\"canonical\" href=\"https:\/\/commodin.com\/en\/1er-congreso-nacional-de-innovacion-educativa\/\" \/>\n<meta property=\"og:locale\" content=\"en_US\" \/>\n<meta property=\"og:type\" content=\"article\" \/>\n<meta property=\"og:title\" content=\"1er. congreso\u00a0 Nacional de INNOVACION EDUCATIVA: - Commodin\" \/>\n<meta property=\"og:description\" content=\"Invitamos a participar del \u201cCONGRESO DE INNOVACION EDUCATIVA\u201d, los dias 6 y 7 de octubre en las instalaciones de la Sociedad Rural de San Justo, organizado por el \u00c1rea de Educaci\u00f3n de la Ciudad y el Polo Universitario San Justo, Santa Fe. En un mundo cada vez m\u00e1s cambiante y complejo, la educaci\u00f3n debe adaptarse ... Read more\" \/>\n<meta property=\"og:url\" content=\"https:\/\/commodin.com\/en\/1er-congreso-nacional-de-innovacion-educativa\/\" \/>\n<meta property=\"og:site_name\" content=\"Commodin\" \/>\n<meta property=\"article:published_time\" content=\"2023-08-07T10:29:25+00:00\" \/>\n<meta property=\"article:modified_time\" content=\"2023-08-07T10:35:07+00:00\" \/>\n<meta property=\"og:image\" content=\"https:\/\/commodin.com\/wp-content\/uploads\/2023\/08\/Entrada1.jpg\" \/>\n\t<meta property=\"og:image:width\" content=\"900\" \/>\n\t<meta property=\"og:image:height\" content=\"1600\" \/>\n\t<meta property=\"og:image:type\" content=\"image\/jpeg\" \/>\n<meta name=\"author\" content=\"DelinaMary\" \/>\n<meta name=\"twitter:card\" content=\"summary_large_image\" \/>\n<meta name=\"twitter:label1\" content=\"Written by\" \/>\n\t<meta name=\"twitter:data1\" content=\"DelinaMary\" \/>\n\t<meta name=\"twitter:label2\" content=\"Est. reading time\" \/>\n\t<meta name=\"twitter:data2\" content=\"2 minutes\" \/>\n<script type=\"application\/ld+json\" class=\"yoast-schema-graph\">{\"@context\":\"https:\/\/schema.org\",\"@graph\":[{\"@type\":\"Article\",\"@id\":\"https:\/\/commodin.com\/1er-congreso-nacional-de-innovacion-educativa\/#article\",\"isPartOf\":{\"@id\":\"https:\/\/commodin.com\/1er-congreso-nacional-de-innovacion-educativa\/\"},\"author\":{\"name\":\"DelinaMary\",\"@id\":\"https:\/\/commodin.com\/#\/schema\/person\/dd5a5d21aa2d070990d8270e8833f988\"},\"headline\":\"1er. congreso\u00a0 Nacional de INNOVACION EDUCATIVA:\",\"datePublished\":\"2023-08-07T10:29:25+00:00\",\"dateModified\":\"2023-08-07T10:35:07+00:00\",\"mainEntityOfPage\":{\"@id\":\"https:\/\/commodin.com\/1er-congreso-nacional-de-innovacion-educativa\/\"},\"wordCount\":368,\"publisher\":{\"@id\":\"https:\/\/commodin.com\/#organization\"},\"image\":{\"@id\":\"https:\/\/commodin.com\/1er-congreso-nacional-de-innovacion-educativa\/#primaryimage\"},\"thumbnailUrl\":\"https:\/\/commodin.com\/wp-content\/uploads\/2023\/08\/Entrada1.jpg\",\"articleSection\":[\"Sin categor\u00eda\"],\"inLanguage\":\"en-US\"},{\"@type\":\"WebPage\",\"@id\":\"https:\/\/commodin.com\/1er-congreso-nacional-de-innovacion-educativa\/\",\"url\":\"https:\/\/commodin.com\/1er-congreso-nacional-de-innovacion-educativa\/\",\"name\":\"1er. congreso\u00a0 Nacional de INNOVACION EDUCATIVA: - Commodin\",\"isPartOf\":{\"@id\":\"https:\/\/commodin.com\/#website\"},\"primaryImageOfPage\":{\"@id\":\"https:\/\/commodin.com\/1er-congreso-nacional-de-innovacion-educativa\/#primaryimage\"},\"image\":{\"@id\":\"https:\/\/commodin.com\/1er-congreso-nacional-de-innovacion-educativa\/#primaryimage\"},\"thumbnailUrl\":\"https:\/\/commodin.com\/wp-content\/uploads\/2023\/08\/Entrada1.jpg\",\"datePublished\":\"2023-08-07T10:29:25+00:00\",\"dateModified\":\"2023-08-07T10:35:07+00:00\",\"breadcrumb\":{\"@id\":\"https:\/\/commodin.com\/1er-congreso-nacional-de-innovacion-educativa\/#breadcrumb\"},\"inLanguage\":\"en-US\",\"potentialAction\":[{\"@type\":\"ReadAction\",\"target\":[\"https:\/\/commodin.com\/1er-congreso-nacional-de-innovacion-educativa\/\"]}]},{\"@type\":\"ImageObject\",\"inLanguage\":\"en-US\",\"@id\":\"https:\/\/commodin.com\/1er-congreso-nacional-de-innovacion-educativa\/#primaryimage\",\"url\":\"https:\/\/commodin.com\/wp-content\/uploads\/2023\/08\/Entrada1.jpg\",\"contentUrl\":\"https:\/\/commodin.com\/wp-content\/uploads\/2023\/08\/Entrada1.jpg\",\"width\":900,\"height\":1600},{\"@type\":\"BreadcrumbList\",\"@id\":\"https:\/\/commodin.com\/1er-congreso-nacional-de-innovacion-educativa\/#breadcrumb\",\"itemListElement\":[{\"@type\":\"ListItem\",\"position\":1,\"name\":\"Inicio\",\"item\":\"https:\/\/commodin.com\/\"},{\"@type\":\"ListItem\",\"position\":2,\"name\":\"1er. congreso\u00a0 Nacional de INNOVACION EDUCATIVA:\"}]},{\"@type\":\"WebSite\",\"@id\":\"https:\/\/commodin.com\/#website\",\"url\":\"https:\/\/commodin.com\/\",\"name\":\"Commodin\",\"description\":\"La (Re)Evoluci\u00f3n de la Salud Digital\",\"publisher\":{\"@id\":\"https:\/\/commodin.com\/#organization\"},\"potentialAction\":[{\"@type\":\"SearchAction\",\"target\":{\"@type\":\"EntryPoint\",\"urlTemplate\":\"https:\/\/commodin.com\/?s={search_term_string}\"},\"query-input\":\"required name=search_term_string\"}],\"inLanguage\":\"en-US\"},{\"@type\":\"Organization\",\"@id\":\"https:\/\/commodin.com\/#organization\",\"name\":\"Commodin\",\"url\":\"https:\/\/commodin.com\/\",\"logo\":{\"@type\":\"ImageObject\",\"inLanguage\":\"en-US\",\"@id\":\"https:\/\/commodin.com\/#\/schema\/logo\/image\/\",\"url\":\"https:\/\/commodin.com\/wp-content\/uploads\/2023\/09\/cropped-Logo_commodin01.png\",\"contentUrl\":\"https:\/\/commodin.com\/wp-content\/uploads\/2023\/09\/cropped-Logo_commodin01.png\",\"width\":2232,\"height\":426,\"caption\":\"Commodin\"},\"image\":{\"@id\":\"https:\/\/commodin.com\/#\/schema\/logo\/image\/\"}},{\"@type\":\"Person\",\"@id\":\"https:\/\/commodin.com\/#\/schema\/person\/dd5a5d21aa2d070990d8270e8833f988\",\"name\":\"DelinaMary\",\"image\":{\"@type\":\"ImageObject\",\"inLanguage\":\"en-US\",\"@id\":\"https:\/\/commodin.com\/#\/schema\/person\/image\/\",\"url\":\"https:\/\/secure.gravatar.com\/avatar\/ffa0b900bc90ad8f7f32b10488e4eca4562f0855b8f59ea7a07d26c025fb3ea6?s=96&d=mm&r=g\",\"contentUrl\":\"https:\/\/secure.gravatar.com\/avatar\/ffa0b900bc90ad8f7f32b10488e4eca4562f0855b8f59ea7a07d26c025fb3ea6?s=96&d=mm&r=g\",\"caption\":\"DelinaMary\"},\"sameAs\":[\"http:\/\/localhost\/wordpresnuevo\/wordpress\"],\"url\":\"https:\/\/commodin.com\/en\/author\/delinamary\/\"}]}<\/script>\n<!-- \/ Yoast SEO plugin. -->","yoast_head_json":{"title":"1er. congreso\u00a0 Nacional de INNOVACION EDUCATIVA: - Commodin","robots":{"index":"index","follow":"follow","max-snippet":"max-snippet:-1","max-image-preview":"max-image-preview:large","max-video-preview":"max-video-preview:-1"},"canonical":"https:\/\/commodin.com\/en\/1er-congreso-nacional-de-innovacion-educativa\/","og_locale":"en_US","og_type":"article","og_title":"1er. congreso\u00a0 Nacional de INNOVACION EDUCATIVA: - Commodin","og_description":"Invitamos a participar del \u201cCONGRESO DE INNOVACION EDUCATIVA\u201d, los dias 6 y 7 de octubre en las instalaciones de la Sociedad Rural de San Justo, organizado por el \u00c1rea de Educaci\u00f3n de la Ciudad y el Polo Universitario San Justo, Santa Fe. En un mundo cada vez m\u00e1s cambiante y complejo, la educaci\u00f3n debe adaptarse ... Read more","og_url":"https:\/\/commodin.com\/en\/1er-congreso-nacional-de-innovacion-educativa\/","og_site_name":"Commodin","article_published_time":"2023-08-07T10:29:25+00:00","article_modified_time":"2023-08-07T10:35:07+00:00","og_image":[{"width":900,"height":1600,"url":"https:\/\/commodin.com\/wp-content\/uploads\/2023\/08\/Entrada1.jpg","type":"image\/jpeg"}],"author":"DelinaMary","twitter_card":"summary_large_image","twitter_misc":{"Written by":"DelinaMary","Est. reading time":"2 minutes"},"schema":{"@context":"https:\/\/schema.org","@graph":[{"@type":"Article","@id":"https:\/\/commodin.com\/1er-congreso-nacional-de-innovacion-educativa\/#article","isPartOf":{"@id":"https:\/\/commodin.com\/1er-congreso-nacional-de-innovacion-educativa\/"},"author":{"name":"DelinaMary","@id":"https:\/\/commodin.com\/#\/schema\/person\/dd5a5d21aa2d070990d8270e8833f988"},"headline":"1er. congreso\u00a0 Nacional de INNOVACION EDUCATIVA:","datePublished":"2023-08-07T10:29:25+00:00","dateModified":"2023-08-07T10:35:07+00:00","mainEntityOfPage":{"@id":"https:\/\/commodin.com\/1er-congreso-nacional-de-innovacion-educativa\/"},"wordCount":368,"publisher":{"@id":"https:\/\/commodin.com\/#organization"},"image":{"@id":"https:\/\/commodin.com\/1er-congreso-nacional-de-innovacion-educativa\/#primaryimage"},"thumbnailUrl":"https:\/\/commodin.com\/wp-content\/uploads\/2023\/08\/Entrada1.jpg","articleSection":["Sin categor\u00eda"],"inLanguage":"en-US"},{"@type":"WebPage","@id":"https:\/\/commodin.com\/1er-congreso-nacional-de-innovacion-educativa\/","url":"https:\/\/commodin.com\/1er-congreso-nacional-de-innovacion-educativa\/","name":"1er. congreso\u00a0 Nacional de INNOVACION EDUCATIVA: - Commodin","isPartOf":{"@id":"https:\/\/commodin.com\/#website"},"primaryImageOfPage":{"@id":"https:\/\/commodin.com\/1er-congreso-nacional-de-innovacion-educativa\/#primaryimage"},"image":{"@id":"https:\/\/commodin.com\/1er-congreso-nacional-de-innovacion-educativa\/#primaryimage"},"thumbnailUrl":"https:\/\/commodin.com\/wp-content\/uploads\/2023\/08\/Entrada1.jpg","datePublished":"2023-08-07T10:29:25+00:00","dateModified":"2023-08-07T10:35:07+00:00","breadcrumb":{"@id":"https:\/\/commodin.com\/1er-congreso-nacional-de-innovacion-educativa\/#breadcrumb"},"inLanguage":"en-US","potentialAction":[{"@type":"ReadAction","target":["https:\/\/commodin.com\/1er-congreso-nacional-de-innovacion-educativa\/"]}]},{"@type":"ImageObject","inLanguage":"en-US","@id":"https:\/\/commodin.com\/1er-congreso-nacional-de-innovacion-educativa\/#primaryimage","url":"https:\/\/commodin.com\/wp-content\/uploads\/2023\/08\/Entrada1.jpg","contentUrl":"https:\/\/commodin.com\/wp-content\/uploads\/2023\/08\/Entrada1.jpg","width":900,"height":1600},{"@type":"BreadcrumbList","@id":"https:\/\/commodin.com\/1er-congreso-nacional-de-innovacion-educativa\/#breadcrumb","itemListElement":[{"@type":"ListItem","position":1,"name":"Inicio","item":"https:\/\/commodin.com\/"},{"@type":"ListItem","position":2,"name":"1er. congreso\u00a0 Nacional de INNOVACION EDUCATIVA:"}]},{"@type":"WebSite","@id":"https:\/\/commodin.com\/#website","url":"https:\/\/commodin.com\/","name":"Commodin","description":"La (Re)Evoluci\u00f3n de la Salud Digital","publisher":{"@id":"https:\/\/commodin.com\/#organization"},"potentialAction":[{"@type":"SearchAction","target":{"@type":"EntryPoint","urlTemplate":"https:\/\/commodin.com\/?s={search_term_string}"},"query-input":"required name=search_term_string"}],"inLanguage":"en-US"},{"@type":"Organization","@id":"https:\/\/commodin.com\/#organization","name":"Commodin","url":"https:\/\/commodin.com\/","logo":{"@type":"ImageObject","inLanguage":"en-US","@id":"https:\/\/commodin.com\/#\/schema\/logo\/image\/","url":"https:\/\/commodin.com\/wp-content\/uploads\/2023\/09\/cropped-Logo_commodin01.png","contentUrl":"https:\/\/commodin.com\/wp-content\/uploads\/2023\/09\/cropped-Logo_commodin01.png","width":2232,"height":426,"caption":"Commodin"},"image":{"@id":"https:\/\/commodin.com\/#\/schema\/logo\/image\/"}},{"@type":"Person","@id":"https:\/\/commodin.com\/#\/schema\/person\/dd5a5d21aa2d070990d8270e8833f988","name":"DelinaMary","image":{"@type":"ImageObject","inLanguage":"en-US","@id":"https:\/\/commodin.com\/#\/schema\/person\/image\/","url":"https:\/\/secure.gravatar.com\/avatar\/ffa0b900bc90ad8f7f32b10488e4eca4562f0855b8f59ea7a07d26c025fb3ea6?s=96&d=mm&r=g","contentUrl":"https:\/\/secure.gravatar.com\/avatar\/ffa0b900bc90ad8f7f32b10488e4eca4562f0855b8f59ea7a07d26c025fb3ea6?s=96&d=mm&r=g","caption":"DelinaMary"},"sameAs":["http:\/\/localhost\/wordpresnuevo\/wordpress"],"url":"https:\/\/commodin.com\/en\/author\/delinamary\/"}]}},"_links":{"self":[{"href":"https:\/\/commodin.com\/en\/wp-json\/wp\/v2\/posts\/8667","targetHints":{"allow":["GET"]}}],"collection":[{"href":"https:\/\/commodin.com\/en\/wp-json\/wp\/v2\/posts"}],"about":[{"href":"https:\/\/commodin.com\/en\/wp-json\/wp\/v2\/types\/post"}],"author":[{"embeddable":true,"href":"https:\/\/commodin.com\/en\/wp-json\/wp\/v2\/users\/1"}],"replies":[{"embeddable":true,"href":"https:\/\/commodin.com\/en\/wp-json\/wp\/v2\/comments?post=8667"}],"version-history":[{"count":0,"href":"https:\/\/commodin.com\/en\/wp-json\/wp\/v2\/posts\/8667\/revisions"}],"wp:featuredmedia":[{"embeddable":true,"href":"https:\/\/commodin.com\/en\/wp-json\/wp\/v2\/media\/8668"}],"wp:attachment":[{"href":"https:\/\/commodin.com\/en\/wp-json\/wp\/v2\/media?parent=8667"}],"wp:term":[{"taxonomy":"category","embeddable":true,"href":"https:\/\/commodin.com\/en\/wp-json\/wp\/v2\/categories?post=8667"},{"taxonomy":"post_tag","embeddable":true,"href":"https:\/\/commodin.com\/en\/wp-json\/wp\/v2\/tags?post=8667"}],"curies":[{"name":"wp","href":"https:\/\/api.w.org\/{rel}","templated":true}]}}